{"id":11485,"date":"2023-09-11T19:35:20","date_gmt":"2023-09-11T23:35:20","guid":{"rendered":"https:\/\/dancecouncil.ca\/?p=11485"},"modified":"2026-03-18T15:14:17","modified_gmt":"2026-03-18T19:14:17","slug":"championnats-canadiens-2023-pro-am-resultats","status":"publish","type":"post","link":"https:\/\/dancecouncil.ca\/fr\/2023\/09\/championnats-canadiens-2023-pro-am-resultats\/","title":{"rendered":"Championnats canadiens 2023 Pro\/Am \u2013 R\u00e9sultats"},"content":{"rendered":"[vc_row type=\u00a0\u00bbin_container\u00a0\u00bb full_screen_row_position=\u00a0\u00bbmiddle\u00a0\u00bb column_margin=\u00a0\u00bbdefault\u00a0\u00bb column_direction=\u00a0\u00bbdefault\u00a0\u00bb column_direction_tablet=\u00a0\u00bbdefault\u00a0\u00bb column_direction_phone=\u00a0\u00bbdefault\u00a0\u00bb scene_position=\u00a0\u00bbcenter\u00a0\u00bb text_color=\u00a0\u00bbdark\u00a0\u00bb text_align=\u00a0\u00bbleft\u00a0\u00bb row_border_radius=\u00a0\u00bbnone\u00a0\u00bb row_border_radius_applies=\u00a0\u00bbbg\u00a0\u00bb overflow=\u00a0\u00bbvisible\u00a0\u00bb overlay_strength=\u00a0\u00bb0.3&Prime; gradient_direction=\u00a0\u00bbleft_to_right\u00a0\u00bb shape_divider_position=\u00a0\u00bbbottom\u00a0\u00bb bg_image_animation=\u00a0\u00bbnone\u00a0\u00bb][vc_column column_padding=\u00a0\u00bbno-extra-padding\u00a0\u00bb column_padding_tablet=\u00a0\u00bbinherit\u00a0\u00bb column_padding_phone=\u00a0\u00bbinherit\u00a0\u00bb column_padding_position=\u00a0\u00bball\u00a0\u00bb column_element_direction_desktop=\u00a0\u00bbdefault\u00a0\u00bb column_element_spacing=\u00a0\u00bbdefault\u00a0\u00bb desktop_text_alignment=\u00a0\u00bbdefault\u00a0\u00bb tablet_text_alignment=\u00a0\u00bbdefault\u00a0\u00bb phone_text_alignment=\u00a0\u00bbdefault\u00a0\u00bb background_color_opacity=\u00a0\u00bb1&Prime; background_hover_color_opacity=\u00a0\u00bb1&Prime; column_backdrop_filter=\u00a0\u00bbnone\u00a0\u00bb column_shadow=\u00a0\u00bbnone\u00a0\u00bb column_border_radius=\u00a0\u00bbnone\u00a0\u00bb column_link_target=\u00a0\u00bb_self\u00a0\u00bb column_position=\u00a0\u00bbdefault\u00a0\u00bb gradient_direction=\u00a0\u00bbleft_to_right\u00a0\u00bb overlay_strength=\u00a0\u00bb0.3&Prime; width=\u00a0\u00bb1\/1&Prime; tablet_width_inherit=\u00a0\u00bbdefault\u00a0\u00bb animation_type=\u00a0\u00bbdefault\u00a0\u00bb bg_image_animation=\u00a0\u00bbnone\u00a0\u00bb border_type=\u00a0\u00bbsimple\u00a0\u00bb column_border_width=\u00a0\u00bbnone\u00a0\u00bb column_border_style=\u00a0\u00bbsolid\u00a0\u00bb][vc_column_text]\n<h2>Division jeunesse Pro\/Am Ballroom<\/h2>\n<p><strong>1<\/strong> Mychau Tight et Vladyslav Komelkov, Waterloo ON<\/p>\n<p><a href=\"\/pix\/ccc\/2023\/proam-youth-ballroom.jpg\" target=\"_blank\" rel=\"prettyPhoto[gallery-2RI1]\"><img decoding=\"async\" class=\"alignleft\" style=\"width: 100%; height: auto; margin-bottom: 60px;\" src=\"\/pix\/ccc\/2023\/proam-youth-ballroom.jpg\" alt=\"Championnats canadiens Pro\/Am Ballroom 2023, Division jeunesse\" width=\"100%\" \/><\/a><\/p>\n<h2>Pro\/Am Danse de salon, Division A<\/h2>\n<p><strong>1<\/strong> April Booth et Brenton Mitchell, Halifax NS<br \/>\n<strong>2<\/strong> Tetiana Sitiugina-Babiuk et Dmytro Startsev, Ottawa ON<\/p>\n<p><a href=\"https:\/\/vimeo.com\/944903247?share=copy\" target=\"_blank\" rel=\"noopener\">Regarder la vid\u00e9o de l\u2019\u00e9v\u00e9nement<\/a><\/p>\n<p><a href=\"\/pix\/ccc\/2023\/proam-a-ballroom.jpg\" target=\"_blank\" rel=\"prettyPhoto[gallery-2RI1]\"><img decoding=\"async\" class=\"alignleft\" style=\"width: 100%; height: auto; margin-bottom: 60px;\" src=\"\/pix\/ccc\/2023\/proam-a-ballroom.jpg\" alt=\"Championnats canadiens Pro\/Am Ballroom 2023, Division A\" width=\"100%\" \/><\/a><\/p>\n<h2>Pro\/Am Danse de salon, Division B<\/h2>\n<p><strong>1<\/strong> Silvie Anderson et Igor Fylymonchyk, Toronto ON<br \/>\n<strong>2<\/strong> Sophie Patenaude et Konstantin Rogotskyy, Montr\u00e9al QC<br \/>\n<strong>3<\/strong> Linda Ueno et Ivan Lebedev, Toronto ON<br \/>\n<strong>4<\/strong> Leyanis Guevara et Alex Sharov, Hudson QC<\/p>\n<p><a href=\"https:\/\/vimeo.com\/944902471?share=copy\" target=\"_blank\" rel=\"noopener\">Regarder la vid\u00e9o de l\u2019\u00e9v\u00e9nement<\/a><\/p>\n<p><a href=\"\/pix\/ccc\/2023\/proam-b-ballroom.jpg\" target=\"_blank\" rel=\"prettyPhoto[gallery-2RI1]\"><img decoding=\"async\" class=\"alignleft\" style=\"width: 100%; height: auto; margin-bottom: 60px;\" src=\"\/pix\/ccc\/2023\/proam-b-ballroom.jpg\" alt=\"Championnats canadiens Pro\/Am Ballroom 2023, Division B\" width=\"100%\" \/><\/a><\/p>\n<h2>Pro\/Am Danse de salon, Division C<\/h2>\n<p><strong>1<\/strong> Sophie Patenaude et Konstantin Rogotskyy, Montr\u00e9al QC<br \/>\n<strong>2<\/strong> Linda Ueno et Ivan Lebedev, Toronto ON<\/p>\n<p><a href=\"\/pix\/ccc\/2023\/proam-c-ballroom.jpg\" target=\"_blank\" rel=\"prettyPhoto[gallery-2RI1]\"><img decoding=\"async\" class=\"alignleft\" style=\"width: 100%; height: auto; margin-bottom: 60px;\" src=\"\/pix\/ccc\/2023\/proam-c-ballroom.jpg\" alt=\"Championnats canadiens Pro\/Am Ballroom 2023, Division C\" width=\"100%\" \/><\/a><\/p>\n<h2>Pro\/Am Danse de salon, Division D<\/h2>\n<p><strong>1<\/strong> Claude Guimond et Anik Jolicoeur, Verdun QC<br \/>\n<strong>2<\/strong> Raisa Weisspapir et van Lebedev, Toronto ON<br \/>\n<strong>3<\/strong> Anna Lo Basso et Alex Sharov, Hudson QC<br \/>\n<strong>4<\/strong> Jean Beaudet et Marie Bolduc, Mascouche QC<br \/>\n<strong>5<\/strong> Marcus Tittiger et Lorna Jackle, Ottawa ON<\/p>\n<p><a href=\"https:\/\/vimeo.com\/944903247?share=copy\" target=\"_blank\" rel=\"noopener\">Regarder la vid\u00e9o de l\u2019\u00e9v\u00e9nement<\/a><\/p>\n<p><a href=\"\/pix\/ccc\/2023\/proam-d-ballroom.jpg\" target=\"_blank\" rel=\"prettyPhoto[gallery-2RI1]\"><img decoding=\"async\" class=\"alignleft\" style=\"width: 100%; height: auto; margin-bottom: 60px;\" src=\"\/pix\/ccc\/2023\/proam-d-ballroom.jpg\" alt=\"Championnats canadiens Pro\/Am Ballroom 2023, Division D\" width=\"100%\" \/><\/a><\/p>\n<h2>Pro\/Am Danse de salon Division E<\/h2>\n<p><strong>1<\/strong> Margo Waugh et Vladyslav Komelkov, Waterloo ON<\/p>\n<p><a href=\"https:\/\/vimeo.com\/944903247?share=copy\" target=\"_blank\" rel=\"noopener\">Regarder la vid\u00e9o de l\u2019\u00e9v\u00e9nement<\/a><\/p>\n<p><a href=\"\/pix\/ccc\/2023\/proam-e-ballroom.jpg\" target=\"_blank\" rel=\"prettyPhoto[gallery-2RI1]\"><img decoding=\"async\" class=\"alignleft\" style=\"width: 100%; height: auto; margin-bottom: 60px;\" src=\"\/pix\/ccc\/2023\/proam-e-ballroom.jpg\" alt=\"Championnats canadiens Pro\/Am Ballroom 2023, Division E\" width=\"100%\" \/><\/a><\/p>\n<h2>Division junior Pro\/Am Latin<\/h2>\n<p><strong>1<\/strong> Sofia Lytvynova et Maxim Fomin, Montr\u00e9al QC<\/p>\n<p><a href=\"\/pix\/ccc\/2023\/proam-junior-latin.jpg\" target=\"_blank\" rel=\"prettyPhoto[gallery-2RI1]\"><img decoding=\"async\" class=\"alignleft\" style=\"width: 100%; height: auto; margin-bottom: 60px;\" src=\"\/pix\/ccc\/2023\/proam-junior-latin.jpg\" alt=\"Championnats canadiens Pro\/Am Latin 2023, Division junior\" width=\"100%\" \/><\/a><\/p>\n<h2>Pro\/Am Latin Division Jeunesse<\/h2>\n<p><strong>1<\/strong> Abigail Dempster et Mikhail Kudriashov, Ottawa ON<\/p>\n<p><a href=\"\/pix\/ccc\/2023\/proam-youth-latin.jpg\" target=\"_blank\" rel=\"prettyPhoto[gallery-2RI1]\"><img decoding=\"async\" class=\"alignleft\" style=\"width: 100%; height: auto; margin-bottom: 60px;\" src=\"\/pix\/ccc\/2023\/proam-youth-latin.jpg\" alt=\"Championnats canadiens Pro\/Am Latin 2023, Division jeunesse\" width=\"100%\" \/><\/a><\/p>\n<h2>Pro\/Am Latin Division A<\/h2>\n<p><strong>1<\/strong> Bethany Quick et Stanislav Kochergin, Thornhill ON<br \/>\n<strong>2<\/strong> Andrea Bennett et Veycheslav Tudorovsky, Ottawa ON<\/p>\n<p><a href=\"\/pix\/ccc\/2023\/proam-a-latin.jpg\" target=\"_blank\" rel=\"prettyPhoto[gallery-2RI1]\"><img decoding=\"async\" class=\"alignleft\" style=\"width: 100%; height: auto; margin-bottom: 60px;\" src=\"\/pix\/ccc\/2023\/proam-a-latin.jpg\" alt=\"Championnats canadiens Pro\/Am Latin 2023, Division A\" width=\"100%\" \/><\/a><\/p>\n<h2>Pro\/Am Latin, Division B<\/h2>\n<p><strong>1<\/strong> Joanne Kay et Smith Richard, Toronto ON<br \/>\n<strong>2<\/strong> Sabrina Nirchi et Jean-Philippe Milot, Montr\u00e9al QC<br \/>\n<strong>3<\/strong> Zhanna Prokopchuk et Viacheslav Chizhik, Toronto ON<br \/>\n<strong>4<\/strong> Leyanis Guevara et Alex Sharov, Hudson QC<\/p>\n<p><a href=\"\/pix\/ccc\/2023\/proam-b-latin.jpg\" target=\"_blank\" rel=\"prettyPhoto[gallery-2RI1]\"><img decoding=\"async\" class=\"alignleft\" style=\"width: 100%; height: auto; margin-bottom: 60px;\" src=\"\/pix\/ccc\/2023\/proam-b-latin.jpg\" alt=\"Championnats canadiens Pro\/Am Latin 2023, Division B\" width=\"100%\" \/><\/a><\/p>\n<h2>Pro\/Am 10 danses, Division B<\/h2>\n<p>Leyanis Guevara et Alex Sharov, Hudson QC<\/p>\n<p><a href=\"\/pix\/ccc\/2023\/proam-b-10-dance.jpg\" target=\"_blank\" rel=\"prettyPhoto[gallery-2RI1]\"><img decoding=\"async\" class=\"alignleft\" style=\"width: 100%; height: auto; margin-bottom: 60px;\" src=\"\/pix\/ccc\/2023\/proam-b-10-dance.jpg\" alt=\"Championnats canadiens Pro\/Am 10 danses 2023, Division B\" width=\"100%\" \/><\/a><\/p>\n<h2>Pro\/Am Latin, Division C<\/h2>\n<p><strong>1<\/strong> Danielle Ethier et Francis Lafreni\u00e8re, Longueuil QC<br \/>\n<strong>2<\/strong> Amy Lau et Valentin Voronov, Thornhil ON<br \/>\n<strong>3<\/strong> Grace Wang et Alexev Karaulov, Vancouver BC<br \/>\n<strong>4<\/strong> Raisa Weisspapir et Ivan Lebedev, Toronto ON<\/p>\n<p><a href=\"\/pix\/ccc\/2023\/proam-c-latin.jpg\" target=\"_blank\" rel=\"prettyPhoto[gallery-2RI1]\"><img decoding=\"async\" class=\"alignleft\" style=\"width: 100%; height: auto; margin-bottom: 60px;\" src=\"\/pix\/ccc\/2023\/proam-c-latin.jpg\" alt=\"Championnats canadiens Pro\/Am Latin 2023, Division C\" width=\"100%\" \/><\/a><\/p>\n<h2>Pro\/Am Latin, Division D<\/h2>\n<p><strong>1<\/strong> Janet Jackson et Mikhail Kudriashov, Ottawa ON<br \/>\n<strong>2<\/strong> Anna Lo Basso et Alex Sharov, Hudson QC<br \/>\n<strong>3<\/strong> Richard-Claude Belanger et Jessie Mineau, Montr\u00e9al QC<br \/>\n<strong>4<\/strong> Jean Beaudet et Marie Bolduc, Mascouche QC<br \/>\n<strong>5<\/strong> Maria Cheuk et Ivan Lebedev, Toronto ON<\/p>\n<p><a href=\"\/pix\/ccc\/2023\/proam-d-latin.jpg\" target=\"_blank\" rel=\"prettyPhoto[gallery-2RI1]\"><img decoding=\"async\" class=\"alignleft\" style=\"width: 100%; height: auto; margin-bottom: 60px;\" src=\"\/pix\/ccc\/2023\/proam-d-latin.jpg\" alt=\"Championnats canadiens Pro\/Am Latin 2023, Division D\" width=\"100%\" \/><\/a><\/p>\n<h2>Pro\/Am 10-Danses, Division D<\/h2>\n<p>Anna Lo Basso et Alex Sharov, Hudson QC<\/p>\n<p><a href=\"\/pix\/ccc\/2023\/proam-d-10-dance.jpg\" target=\"_blank\" rel=\"prettyPhoto[gallery-2RI1]\"><img decoding=\"async\" class=\"alignleft\" style=\"width: 100%; height: auto; margin-bottom: 60px;\" src=\"\/pix\/ccc\/2023\/proam-d-10-dance.jpg\" alt=\"Championnats canadiens Pro\/Am 10 danses 2023, Division D\" width=\"100%\" \/><\/a><\/p>\n<h2>Pro\/Am Latin Division E<\/h2>\n<p><strong>1<\/strong> Maria Cheuk et Ivan Lebedev, Toronto ON<\/p>\n<p><a href=\"\/pix\/ccc\/2023\/proam-e-latin.jpg\" target=\"_blank\" rel=\"prettyPhoto[gallery-2RI1]\"><img decoding=\"async\" class=\"alignleft\" style=\"width: 100%; height: auto; margin-bottom: 60px;\" src=\"\/pix\/ccc\/2023\/proam-e-latin.jpg\" alt=\"Championnats canadiens Pro\/Am Latin 2023, Division E\" width=\"100%\" \/><\/a><\/p>\n<h2>Pro\/Am 10 danses, Division E<\/h2>\n<p>Maria Cheuk et Ivan Lebedev, Toronto ON<\/p>\n<h2>Pro\/Am Smooth, Division A<\/h2>\n<p><strong>1<\/strong> Joanne Kay et Smith Anton, Ajax ON<br \/>\n<strong>2<\/strong> Mila Pavlichenko et Dmytro Gurkov, Mississauga ON<\/p>\n<p><a href=\"\/pix\/ccc\/2023\/proam-a-smooth.jpg\" target=\"_blank\" rel=\"prettyPhoto[gallery-2RI1]\"><img decoding=\"async\" class=\"alignleft\" style=\"width: 100%; height: auto; margin-bottom: 60px;\" src=\"\/pix\/ccc\/2023\/proam-a-smooth.jpg\" alt=\"Championnats canadiens Pro\/Am Smooth 2023, Division A\" width=\"100%\" \/><\/a><\/p>\n<h2>Pro\/Am Smooth, Division B<\/h2>\n<p><strong>1<\/strong> Joanne Kay Smith et Anton Lebedev, Ajax ON<br \/>\n<strong>2<\/strong> Mila Pavlichenko et Dmvtro Gurkov, Mississauga ON<br \/>\n<strong>3<\/strong> Silvie Anderson et laor Fylymonchyk, Toronto ON<br \/>\n<strong>4<\/strong> Nathalie Vuong et Volvick Edouard, Montr\u00e9al QC<br \/>\n<strong>5<\/strong> Martine Bonneau et Mathieu Casavant, Montr\u00e9al QC<\/p>\n<p><a href=\"\/pix\/ccc\/2023\/proam-b-smooth.jpg\" target=\"_blank\" rel=\"prettyPhoto[gallery-2RI1]\"><img decoding=\"async\" class=\"alignleft\" style=\"width: 100%; height: auto; margin-bottom: 60px;\" src=\"\/pix\/ccc\/2023\/proam-b-smooth.jpg\" alt=\"Championnats canadiens Pro\/Am Smooth 2023, Division B\" width=\"100%\" \/><\/a><\/p>\n<h2>Pro\/Am Smooth, Division C<\/h2>\n<p><strong>1<\/strong> Kara-Lee Barrow et Dmitry lyushenov, Toronto ON<br \/>\n<strong>2<\/strong> Trina Lewis et Sharon Levit, Oshawa ON<br \/>\n<strong>3<\/strong> David Barrow et Kateryna Stytsenko, Toronto ON<br \/>\n<strong>4<\/strong> Carmen Cornacchia et Anastasia Trutneva, Aurora ON<br \/>\n<strong>5<\/strong> Patti Collins et Patrick Derry, Aurora ON<br \/>\n<strong>6<\/strong> Natalia Cherkashina et Igor Fylymonchyk, Toronto ON<br \/>\n<strong>7<\/strong> Myra Flipsen et Veycheslav Tudorovsky, Ottawa ON<br \/>\n<strong>8<\/strong> Jean-Pierre Francois et Sharaf Malik, Oshawa ON<\/p>\n<p><a href=\"\/pix\/ccc\/2023\/proam-c-smooth.jpg\" target=\"_blank\" rel=\"prettyPhoto[gallery-2RI1]\"><img decoding=\"async\" class=\"alignleft\" style=\"width: 100%; height: auto; margin-bottom: 60px;\" src=\"\/pix\/ccc\/2023\/proam-c-smooth.jpg\" alt=\"Championnats canadiens Pro\/Am Smooth 2023, Division C\" width=\"100%\" \/><\/a><\/p>\n<h2>Pro\/Am Smooth, Division D<\/h2>\n<p><strong>1<\/strong> Huiying Wang et Dmitry llyushenov, Toronto ON<br \/>\n<strong>2<\/strong> Jacquie Smith et Joan Roca Fabra, Waterloo ON<br \/>\n<strong>3<\/strong> Julie Bridgeman et Alex Sharov, Hudson QC<br \/>\n<strong>4<\/strong> Carmen Cornacchia et Anastasia Trutneva, Aurora ON<br \/>\n<strong>5<\/strong> Lori Greco et Patrick Derry, Aurora ON<br \/>\n<strong>6<\/strong> Peter Krug et Kelly Stacey, Aurora ON<\/p>\n<p><a href=\"\/pix\/ccc\/2023\/proam-d-smooth.jpg\" target=\"_blank\" rel=\"prettyPhoto[gallery-2RI1]\"><img decoding=\"async\" class=\"alignleft\" style=\"width: 100%; height: auto; margin-bottom: 60px;\" src=\"\/pix\/ccc\/2023\/proam-d-smooth.jpg\" alt=\"Championnats canadiens Pro\/Am Smooth 2023, Division D\" width=\"100%\" \/><\/a><\/p>\n<h2>Pro\/Am Rhythm, Division A<\/h2>\n<p><strong>1<\/strong> Mila Pavlichenko et Dmvtro Gurkov, Mississauga ON<br \/>\n<strong>2<\/strong> Celina Aouad et Veycheslav Tudorovsky, Ottawa ON<\/p>\n<p><a href=\"\/pix\/ccc\/2023\/proam-a-rhythm.jpg\" target=\"_blank\" rel=\"prettyPhoto[gallery-2RI1]\"><img decoding=\"async\" class=\"alignleft\" style=\"width: 100%; height: auto; margin-bottom: 60px;\" src=\"\/pix\/ccc\/2023\/proam-a-rhythm.jpg\" alt=\"Championnats canadiens Pro\/Am Rhythm 2023, Division A\" width=\"100%\" \/><\/a><\/p>\n<h2>Pro\/Am 9 danses, Division A<\/h2>\n<p>Mila Pavlichenko et Dmvtro Gurkov, Mississauga ON<\/p>\n<p><a href=\"\/pix\/ccc\/2023\/proam-a-9-dance.jpg\" target=\"_blank\" rel=\"prettyPhoto[gallery-2RI1]\"><img decoding=\"async\" class=\"alignleft\" style=\"width: 100%; height: auto; margin-bottom: 60px;\" src=\"\/pix\/ccc\/2023\/proam-a-9-dance.jpg\" alt=\"Championnats canadiens Pro\/Am 9 danses 2023, Division A\" width=\"100%\" \/><\/a><\/p>\n<h2>Pro\/Am Rhythm, Division B<\/h2>\n<p><strong>1<\/strong> Mila Pavlichenko et Dmytro Gurkov, Mississauga ON<br \/>\n<strong>2<\/strong> Nathalie Vuong et Volvick Edouard, Montr\u00e9al QC<br \/>\n<strong>3<\/strong> Grace Valenzuela et Simone Zat, West Islanc<br \/>\n<strong>4<\/strong> Matthew Champagne et Veycheslav Tudorovsky, Ottawa ON<\/p>\n<p><a href=\"https:\/\/vimeo.com\/944901791?share=copy\" target=\"_blank\" rel=\"noopener\">Regarder la vid\u00e9o de l\u2019\u00e9v\u00e9nement<\/a><\/p>\n<p><a href=\"\/pix\/ccc\/2023\/proam-b-rhythm.jpg\" target=\"_blank\" rel=\"prettyPhoto[gallery-2RI1]\"><img decoding=\"async\" class=\"alignleft\" style=\"width: 100%; height: auto; margin-bottom: 60px;\" src=\"\/pix\/ccc\/2023\/proam-b-rhythm.jpg\" alt=\"Championnats canadiens Pro\/Am Rhythm 2023, Division B\" width=\"100%\" \/><\/a><\/p>\n<h2>Pro\/Am 9 danses, Division B<\/h2>\n<p>Mila Pavlichenko et Dmvtro Gurkov, Mississauga ON<\/p>\n<h2>Pro\/Am Rhythm, Division C<\/h2>\n<p><strong>1<\/strong> Kara-Lee Barrow et Dmitry llyushenov, Toronto ON<br \/>\n<strong>2<\/strong> Trina Lewis et Sharon Levit, Oshawa ON<br \/>\n<strong>3<\/strong> Patti Collins et Patrick Derry, Aurora ON<br \/>\n<strong>4<\/strong> Myra Flipsen et Veycheslav Tudorovsky, Ottawa ON<br \/>\n<strong>5<\/strong> Jean-Pierre Francois et Sharaf Malik, Oshawa ON<\/p>\n<p><a href=\"\/pix\/ccc\/2023\/proam-c-rhythm.jpg\" target=\"_blank\" rel=\"prettyPhoto[gallery-2RI1]\"><img decoding=\"async\" class=\"alignleft\" style=\"width: 100%; height: auto; margin-bottom: 60px;\" src=\"\/pix\/ccc\/2023\/proam-c-rhythm.jpg\" alt=\"Championnats canadiens Pro\/Am Rhythm 2023, Division C\" width=\"100%\" \/><\/a><\/p>\n<h2>Pro\/Am 9-Danses, Division C<\/h2>\n<p>Kara-Lee Barrow &amp; Dmitry llyushenov, Toronto ON<\/p>\n<p><a href=\"\/pix\/ccc\/2023\/proam-c-9-dance.jpg\" target=\"_blank\" rel=\"prettyPhoto[gallery-2RI1]\"><img decoding=\"async\" class=\"alignleft\" style=\"width: 100%; height: auto; margin-bottom: 60px;\" src=\"\/pix\/ccc\/2023\/proam-c-9-dance.jpg\" alt=\"Championnats canadiens Pro\/Am 9 danses 2023, Division C\" width=\"100%\" \/><\/a><\/p>\n<h2>Pro\/Am Rhythm, Division D<\/h2>\n<p><strong>1<\/strong> Julie Bridgeman et Alex Sharov, Hudson QC<br \/>\n<strong>2<\/strong> Jacquie Smith et Joan Roca Fabra, Waterloo ON<br \/>\n<strong>3<\/strong> Lori Greco et Patrick Derry, Aurora ON<br \/>\n<strong>4<\/strong> Peter Krug et Kelly Stacey, Aurora ON<br \/>\n<strong>5<\/strong> Kay Beattie et Veycheslav Tudorovsky, Ottawa ON<\/p>\n<p><a href=\"\/pix\/ccc\/2023\/proam-d-rhythm.jpg\" target=\"_blank\" rel=\"prettyPhoto[gallery-2RI1]\"><img decoding=\"async\" class=\"alignleft\" style=\"width: 100%; height: auto; margin-bottom: 60px;\" src=\"\/pix\/ccc\/2023\/proam-d-rhythm.jpg\" alt=\"Championnats canadiens Pro\/Am Rhythm 2023, Division D\" width=\"100%\" \/><\/a><\/p>\n<h2>Pro\/Am 9-Danses, Division D<\/h2>\n<p>Jacquie Smith et Joan Roca, Waterloo ON<\/p>\n<p><a href=\"\/pix\/ccc\/2023\/proam-d-9-dance.jpg\" target=\"_blank\" rel=\"prettyPhoto[gallery-2RI1]\"><img decoding=\"async\" class=\"alignleft\" style=\"width: 100%; height: auto; margin-bottom: 60px;\" src=\"\/pix\/ccc\/2023\/proam-d-9-dance.jpg\" alt=\"Championnats canadiens Pro\/Am 9 danses 2023, Division A\" width=\"100%\" \/><\/a><\/p>\n<h2>Pro\/Am Rhythm, Division E<\/h2>\n<p><strong>1<\/strong> Caralyn Tierney et Veycheslav Tudorovsky, Ottawa ON<\/p>\n<p><a href=\"\/pix\/ccc\/2023\/proam-e-rhythm.jpg\" target=\"_blank\" rel=\"prettyPhoto[gallery-2RI1]\"><img decoding=\"async\" class=\"alignleft\" style=\"width: 100%; height: auto; margin-bottom: 60px;\" src=\"\/pix\/ccc\/2023\/proam-e-rhythm.jpg\" alt=\"Championnats canadiens Pro\/Am Rhythm 2023, Division E\" width=\"100%\" \/><\/a>[\/vc_column_text][\/vc_column][\/vc_row]\n","protected":false},"excerpt":{"rendered":"<p>R\u00e9sultats Pro\/Am des Championnats ferm\u00e9s canadiens NDCC 2023 tenus \u00e0 Ottawa, ON du 24 au 26 ao\u00fbt 2023.<\/p>\n","protected":false},"author":1,"featured_media":11252,"comment_status":"closed","ping_status":"open","sticky":false,"template":"","format":"standard","meta":{"footnotes":""},"categories":[287,288],"tags":[289,112,113],"class_list":["post-11485","post","type-post","status-publish","format-standard","has-post-thumbnail","category-competitions-fr-2","category-nouvelles-fr","tag-cnc","tag-competitions-fr","tag-resultats"],"aioseo_notices":[],"aioseo_head":"\n\t\t<!-- All in One SEO Pro 4.9.6.2 - aioseo.com -->\n\t<meta name=\"description\" content=\"R\u00e9sultats Pro\/Am des Championnats ferm\u00e9s canadiens NDCC 2023 tenus \u00e0 Ottawa, ON du 24 au 26 ao\u00fbt 2023.\" \/>\n\t<meta name=\"robots\" content=\"max-image-preview:large\" \/>\n\t<meta name=\"author\" content=\"George Pytlik\"\/>\n\t<link rel=\"canonical\" href=\"https:\/\/dancecouncil.ca\/fr\/2023\/09\/championnats-canadiens-2023-pro-am-resultats\/\" \/>\n\t<meta name=\"generator\" content=\"All in One SEO Pro (AIOSEO) 4.9.6.2\" \/>\n\t\t<meta property=\"og:locale\" content=\"fr_FR\" \/>\n\t\t<meta property=\"og:site_name\" content=\"NDCC - Conseil National en Danse du Canada\" \/>\n\t\t<meta property=\"og:type\" content=\"article\" \/>\n\t\t<meta property=\"og:title\" content=\"Championnats canadiens 2023 Pro\/Am \u2013 R\u00e9sultats - NDCC\" \/>\n\t\t<meta property=\"og:description\" content=\"R\u00e9sultats Pro\/Am des Championnats ferm\u00e9s canadiens NDCC 2023 tenus \u00e0 Ottawa, ON du 24 au 26 ao\u00fbt 2023.\" \/>\n\t\t<meta property=\"og:url\" content=\"https:\/\/dancecouncil.ca\/fr\/2023\/09\/championnats-canadiens-2023-pro-am-resultats\/\" \/>\n\t\t<meta property=\"og:image\" content=\"https:\/\/dancecouncil.ca\/wp-content\/uploads\/2021\/09\/trophies-flag.jpg\" \/>\n\t\t<meta property=\"og:image:secure_url\" content=\"https:\/\/dancecouncil.ca\/wp-content\/uploads\/2021\/09\/trophies-flag.jpg\" \/>\n\t\t<meta property=\"og:image:width\" content=\"1920\" \/>\n\t\t<meta property=\"og:image:height\" content=\"1080\" \/>\n\t\t<meta property=\"article:published_time\" content=\"2023-09-11T23:35:20+00:00\" \/>\n\t\t<meta property=\"article:modified_time\" content=\"2026-03-18T19:14:17+00:00\" \/>\n\t\t<meta property=\"article:publisher\" content=\"https:\/\/www.facebook.com\/NdccNationalDanceCouncilofCanada\/\" \/>\n\t\t<meta name=\"twitter:card\" content=\"summary_large_image\" \/>\n\t\t<meta name=\"twitter:title\" content=\"Championnats canadiens 2023 Pro\/Am \u2013 R\u00e9sultats - NDCC\" \/>\n\t\t<meta name=\"twitter:description\" content=\"R\u00e9sultats Pro\/Am des Championnats ferm\u00e9s canadiens NDCC 2023 tenus \u00e0 Ottawa, ON du 24 au 26 ao\u00fbt 2023.\" \/>\n\t\t<meta name=\"twitter:image\" content=\"https:\/\/dancecouncil.ca\/wp-content\/uploads\/2021\/09\/trophies-flag.jpg\" \/>\n\t\t<script type=\"application\/ld+json\" class=\"aioseo-schema\">\n\t\t\t{\"@context\":\"https:\\\/\\\/schema.org\",\"@graph\":[{\"@type\":\"BlogPosting\",\"@id\":\"https:\\\/\\\/dancecouncil.ca\\\/fr\\\/2023\\\/09\\\/championnats-canadiens-2023-pro-am-resultats\\\/#blogposting\",\"name\":\"Championnats canadiens 2023 Pro\\\/Am \\u2013 R\\u00e9sultats - NDCC\",\"headline\":\"Championnats canadiens 2023 Pro\\\/Am \\u2013 R\\u00e9sultats\",\"author\":{\"@id\":\"https:\\\/\\\/dancecouncil.ca\\\/fr\\\/author\\\/webmaster\\\/#author\"},\"publisher\":{\"@id\":\"https:\\\/\\\/dancecouncil.ca\\\/fr\\\/#organization\"},\"image\":{\"@type\":\"ImageObject\",\"url\":\"https:\\\/\\\/dancecouncil.ca\\\/wp-content\\\/uploads\\\/2021\\\/09\\\/trophies-flag.jpg\",\"width\":1920,\"height\":1080},\"datePublished\":\"2023-09-11T19:35:20-04:00\",\"dateModified\":\"2026-03-18T15:14:17-04:00\",\"inLanguage\":\"fr-FR\",\"mainEntityOfPage\":{\"@id\":\"https:\\\/\\\/dancecouncil.ca\\\/fr\\\/2023\\\/09\\\/championnats-canadiens-2023-pro-am-resultats\\\/#webpage\"},\"isPartOf\":{\"@id\":\"https:\\\/\\\/dancecouncil.ca\\\/fr\\\/2023\\\/09\\\/championnats-canadiens-2023-pro-am-resultats\\\/#webpage\"},\"articleSection\":\"Comp\\u00e9titions, Nouvelles, CNC, comp\\u00e9titions @fr, r\\u00e9sultats, Facultatif\"},{\"@type\":\"BreadcrumbList\",\"@id\":\"https:\\\/\\\/dancecouncil.ca\\\/fr\\\/2023\\\/09\\\/championnats-canadiens-2023-pro-am-resultats\\\/#breadcrumblist\",\"itemListElement\":[{\"@type\":\"ListItem\",\"@id\":\"https:\\\/\\\/dancecouncil.ca\\\/fr\\\/#listItem\",\"position\":1,\"name\":\"Home\",\"item\":\"https:\\\/\\\/dancecouncil.ca\\\/fr\\\/\",\"nextItem\":{\"@type\":\"ListItem\",\"@id\":\"https:\\\/\\\/dancecouncil.ca\\\/fr\\\/category\\\/competitions-fr-2\\\/#listItem\",\"name\":\"Comp\\u00e9titions\"}},{\"@type\":\"ListItem\",\"@id\":\"https:\\\/\\\/dancecouncil.ca\\\/fr\\\/category\\\/competitions-fr-2\\\/#listItem\",\"position\":2,\"name\":\"Comp\\u00e9titions\",\"item\":\"https:\\\/\\\/dancecouncil.ca\\\/fr\\\/category\\\/competitions-fr-2\\\/\",\"nextItem\":{\"@type\":\"ListItem\",\"@id\":\"https:\\\/\\\/dancecouncil.ca\\\/fr\\\/2023\\\/09\\\/championnats-canadiens-2023-pro-am-resultats\\\/#listItem\",\"name\":\"Championnats canadiens 2023 Pro\\\/Am \\u2013 R\\u00e9sultats\"},\"previousItem\":{\"@type\":\"ListItem\",\"@id\":\"https:\\\/\\\/dancecouncil.ca\\\/fr\\\/#listItem\",\"name\":\"Home\"}},{\"@type\":\"ListItem\",\"@id\":\"https:\\\/\\\/dancecouncil.ca\\\/fr\\\/2023\\\/09\\\/championnats-canadiens-2023-pro-am-resultats\\\/#listItem\",\"position\":3,\"name\":\"Championnats canadiens 2023 Pro\\\/Am \\u2013 R\\u00e9sultats\",\"previousItem\":{\"@type\":\"ListItem\",\"@id\":\"https:\\\/\\\/dancecouncil.ca\\\/fr\\\/category\\\/competitions-fr-2\\\/#listItem\",\"name\":\"Comp\\u00e9titions\"}}]},{\"@type\":\"Organization\",\"@id\":\"https:\\\/\\\/dancecouncil.ca\\\/fr\\\/#organization\",\"name\":\"NDCC\",\"description\":\"Conseil National en Danse du Canada\",\"url\":\"https:\\\/\\\/dancecouncil.ca\\\/fr\\\/\",\"logo\":{\"@type\":\"ImageObject\",\"url\":\"https:\\\/\\\/dancecouncil.ca\\\/wp-content\\\/uploads\\\/2017\\\/02\\\/NDCC-logo-color-200x150-1.png\",\"@id\":\"https:\\\/\\\/dancecouncil.ca\\\/fr\\\/2023\\\/09\\\/championnats-canadiens-2023-pro-am-resultats\\\/#organizationLogo\",\"width\":200,\"height\":150},\"image\":{\"@id\":\"https:\\\/\\\/dancecouncil.ca\\\/fr\\\/2023\\\/09\\\/championnats-canadiens-2023-pro-am-resultats\\\/#organizationLogo\"},\"sameAs\":[\"https:\\\/\\\/youtube.com\\\/ndcctv\"]},{\"@type\":\"Person\",\"@id\":\"https:\\\/\\\/dancecouncil.ca\\\/fr\\\/author\\\/webmaster\\\/#author\",\"url\":\"https:\\\/\\\/dancecouncil.ca\\\/fr\\\/author\\\/webmaster\\\/\",\"name\":\"George Pytlik\",\"image\":{\"@type\":\"ImageObject\",\"url\":\"https:\\\/\\\/secure.gravatar.com\\\/avatar\\\/63ed25da44c7a9ad2a72346828f88a2d3b90463a77503753ae4d1f1fc3535d43?s=96&d=mm&r=g\"}},{\"@type\":\"WebPage\",\"@id\":\"https:\\\/\\\/dancecouncil.ca\\\/fr\\\/2023\\\/09\\\/championnats-canadiens-2023-pro-am-resultats\\\/#webpage\",\"url\":\"https:\\\/\\\/dancecouncil.ca\\\/fr\\\/2023\\\/09\\\/championnats-canadiens-2023-pro-am-resultats\\\/\",\"name\":\"Championnats canadiens 2023 Pro\\\/Am \\u2013 R\\u00e9sultats - NDCC\",\"description\":\"R\\u00e9sultats Pro\\\/Am des Championnats ferm\\u00e9s canadiens NDCC 2023 tenus \\u00e0 Ottawa, ON du 24 au 26 ao\\u00fbt 2023.\",\"inLanguage\":\"fr-FR\",\"isPartOf\":{\"@id\":\"https:\\\/\\\/dancecouncil.ca\\\/fr\\\/#website\"},\"breadcrumb\":{\"@id\":\"https:\\\/\\\/dancecouncil.ca\\\/fr\\\/2023\\\/09\\\/championnats-canadiens-2023-pro-am-resultats\\\/#breadcrumblist\"},\"author\":{\"@id\":\"https:\\\/\\\/dancecouncil.ca\\\/fr\\\/author\\\/webmaster\\\/#author\"},\"creator\":{\"@id\":\"https:\\\/\\\/dancecouncil.ca\\\/fr\\\/author\\\/webmaster\\\/#author\"},\"image\":{\"@type\":\"ImageObject\",\"url\":\"https:\\\/\\\/dancecouncil.ca\\\/wp-content\\\/uploads\\\/2021\\\/09\\\/trophies-flag.jpg\",\"@id\":\"https:\\\/\\\/dancecouncil.ca\\\/fr\\\/2023\\\/09\\\/championnats-canadiens-2023-pro-am-resultats\\\/#mainImage\",\"width\":1920,\"height\":1080},\"primaryImageOfPage\":{\"@id\":\"https:\\\/\\\/dancecouncil.ca\\\/fr\\\/2023\\\/09\\\/championnats-canadiens-2023-pro-am-resultats\\\/#mainImage\"},\"datePublished\":\"2023-09-11T19:35:20-04:00\",\"dateModified\":\"2026-03-18T15:14:17-04:00\"},{\"@type\":\"WebSite\",\"@id\":\"https:\\\/\\\/dancecouncil.ca\\\/fr\\\/#website\",\"url\":\"https:\\\/\\\/dancecouncil.ca\\\/fr\\\/\",\"name\":\"NDCC\",\"description\":\"Conseil National en Danse du Canada\",\"inLanguage\":\"fr-FR\",\"publisher\":{\"@id\":\"https:\\\/\\\/dancecouncil.ca\\\/fr\\\/#organization\"}}]}\n\t\t<\/script>\n\t\t<!-- All in One SEO Pro -->\r\n\t\t<title>Championnats canadiens 2023 Pro\/Am \u2013 R\u00e9sultats - NDCC<\/title>\n\n","aioseo_head_json":{"title":"Championnats canadiens 2023 Pro\/Am \u2013 R\u00e9sultats - NDCC","description":"R\u00e9sultats Pro\/Am des Championnats ferm\u00e9s canadiens NDCC 2023 tenus \u00e0 Ottawa, ON du 24 au 26 ao\u00fbt 2023.","canonical_url":"https:\/\/dancecouncil.ca\/fr\/2023\/09\/championnats-canadiens-2023-pro-am-resultats\/","robots":"max-image-preview:large","keywords":"","webmasterTools":{"miscellaneous":""},"schema":{"@context":"https:\/\/schema.org","@graph":[{"@type":"BlogPosting","@id":"https:\/\/dancecouncil.ca\/fr\/2023\/09\/championnats-canadiens-2023-pro-am-resultats\/#blogposting","name":"Championnats canadiens 2023 Pro\/Am \u2013 R\u00e9sultats - NDCC","headline":"Championnats canadiens 2023 Pro\/Am \u2013 R\u00e9sultats","author":{"@id":"https:\/\/dancecouncil.ca\/fr\/author\/webmaster\/#author"},"publisher":{"@id":"https:\/\/dancecouncil.ca\/fr\/#organization"},"image":{"@type":"ImageObject","url":"https:\/\/dancecouncil.ca\/wp-content\/uploads\/2021\/09\/trophies-flag.jpg","width":1920,"height":1080},"datePublished":"2023-09-11T19:35:20-04:00","dateModified":"2026-03-18T15:14:17-04:00","inLanguage":"fr-FR","mainEntityOfPage":{"@id":"https:\/\/dancecouncil.ca\/fr\/2023\/09\/championnats-canadiens-2023-pro-am-resultats\/#webpage"},"isPartOf":{"@id":"https:\/\/dancecouncil.ca\/fr\/2023\/09\/championnats-canadiens-2023-pro-am-resultats\/#webpage"},"articleSection":"Comp\u00e9titions, Nouvelles, CNC, comp\u00e9titions @fr, r\u00e9sultats, Facultatif"},{"@type":"BreadcrumbList","@id":"https:\/\/dancecouncil.ca\/fr\/2023\/09\/championnats-canadiens-2023-pro-am-resultats\/#breadcrumblist","itemListElement":[{"@type":"ListItem","@id":"https:\/\/dancecouncil.ca\/fr\/#listItem","position":1,"name":"Home","item":"https:\/\/dancecouncil.ca\/fr\/","nextItem":{"@type":"ListItem","@id":"https:\/\/dancecouncil.ca\/fr\/category\/competitions-fr-2\/#listItem","name":"Comp\u00e9titions"}},{"@type":"ListItem","@id":"https:\/\/dancecouncil.ca\/fr\/category\/competitions-fr-2\/#listItem","position":2,"name":"Comp\u00e9titions","item":"https:\/\/dancecouncil.ca\/fr\/category\/competitions-fr-2\/","nextItem":{"@type":"ListItem","@id":"https:\/\/dancecouncil.ca\/fr\/2023\/09\/championnats-canadiens-2023-pro-am-resultats\/#listItem","name":"Championnats canadiens 2023 Pro\/Am \u2013 R\u00e9sultats"},"previousItem":{"@type":"ListItem","@id":"https:\/\/dancecouncil.ca\/fr\/#listItem","name":"Home"}},{"@type":"ListItem","@id":"https:\/\/dancecouncil.ca\/fr\/2023\/09\/championnats-canadiens-2023-pro-am-resultats\/#listItem","position":3,"name":"Championnats canadiens 2023 Pro\/Am \u2013 R\u00e9sultats","previousItem":{"@type":"ListItem","@id":"https:\/\/dancecouncil.ca\/fr\/category\/competitions-fr-2\/#listItem","name":"Comp\u00e9titions"}}]},{"@type":"Organization","@id":"https:\/\/dancecouncil.ca\/fr\/#organization","name":"NDCC","description":"Conseil National en Danse du Canada","url":"https:\/\/dancecouncil.ca\/fr\/","logo":{"@type":"ImageObject","url":"https:\/\/dancecouncil.ca\/wp-content\/uploads\/2017\/02\/NDCC-logo-color-200x150-1.png","@id":"https:\/\/dancecouncil.ca\/fr\/2023\/09\/championnats-canadiens-2023-pro-am-resultats\/#organizationLogo","width":200,"height":150},"image":{"@id":"https:\/\/dancecouncil.ca\/fr\/2023\/09\/championnats-canadiens-2023-pro-am-resultats\/#organizationLogo"},"sameAs":["https:\/\/youtube.com\/ndcctv"]},{"@type":"Person","@id":"https:\/\/dancecouncil.ca\/fr\/author\/webmaster\/#author","url":"https:\/\/dancecouncil.ca\/fr\/author\/webmaster\/","name":"George Pytlik","image":{"@type":"ImageObject","url":"https:\/\/secure.gravatar.com\/avatar\/63ed25da44c7a9ad2a72346828f88a2d3b90463a77503753ae4d1f1fc3535d43?s=96&d=mm&r=g"}},{"@type":"WebPage","@id":"https:\/\/dancecouncil.ca\/fr\/2023\/09\/championnats-canadiens-2023-pro-am-resultats\/#webpage","url":"https:\/\/dancecouncil.ca\/fr\/2023\/09\/championnats-canadiens-2023-pro-am-resultats\/","name":"Championnats canadiens 2023 Pro\/Am \u2013 R\u00e9sultats - NDCC","description":"R\u00e9sultats Pro\/Am des Championnats ferm\u00e9s canadiens NDCC 2023 tenus \u00e0 Ottawa, ON du 24 au 26 ao\u00fbt 2023.","inLanguage":"fr-FR","isPartOf":{"@id":"https:\/\/dancecouncil.ca\/fr\/#website"},"breadcrumb":{"@id":"https:\/\/dancecouncil.ca\/fr\/2023\/09\/championnats-canadiens-2023-pro-am-resultats\/#breadcrumblist"},"author":{"@id":"https:\/\/dancecouncil.ca\/fr\/author\/webmaster\/#author"},"creator":{"@id":"https:\/\/dancecouncil.ca\/fr\/author\/webmaster\/#author"},"image":{"@type":"ImageObject","url":"https:\/\/dancecouncil.ca\/wp-content\/uploads\/2021\/09\/trophies-flag.jpg","@id":"https:\/\/dancecouncil.ca\/fr\/2023\/09\/championnats-canadiens-2023-pro-am-resultats\/#mainImage","width":1920,"height":1080},"primaryImageOfPage":{"@id":"https:\/\/dancecouncil.ca\/fr\/2023\/09\/championnats-canadiens-2023-pro-am-resultats\/#mainImage"},"datePublished":"2023-09-11T19:35:20-04:00","dateModified":"2026-03-18T15:14:17-04:00"},{"@type":"WebSite","@id":"https:\/\/dancecouncil.ca\/fr\/#website","url":"https:\/\/dancecouncil.ca\/fr\/","name":"NDCC","description":"Conseil National en Danse du Canada","inLanguage":"fr-FR","publisher":{"@id":"https:\/\/dancecouncil.ca\/fr\/#organization"}}]},"og:locale":"fr_FR","og:site_name":"NDCC - Conseil National en Danse du Canada","og:type":"article","og:title":"Championnats canadiens 2023 Pro\/Am \u2013 R\u00e9sultats - NDCC","og:description":"R\u00e9sultats Pro\/Am des Championnats ferm\u00e9s canadiens NDCC 2023 tenus \u00e0 Ottawa, ON du 24 au 26 ao\u00fbt 2023.","og:url":"https:\/\/dancecouncil.ca\/fr\/2023\/09\/championnats-canadiens-2023-pro-am-resultats\/","og:image":"https:\/\/dancecouncil.ca\/wp-content\/uploads\/2021\/09\/trophies-flag.jpg","og:image:secure_url":"https:\/\/dancecouncil.ca\/wp-content\/uploads\/2021\/09\/trophies-flag.jpg","og:image:width":1920,"og:image:height":1080,"article:published_time":"2023-09-11T23:35:20+00:00","article:modified_time":"2026-03-18T19:14:17+00:00","article:publisher":"https:\/\/www.facebook.com\/NdccNationalDanceCouncilofCanada\/","twitter:card":"summary_large_image","twitter:title":"Championnats canadiens 2023 Pro\/Am \u2013 R\u00e9sultats - NDCC","twitter:description":"R\u00e9sultats Pro\/Am des Championnats ferm\u00e9s canadiens NDCC 2023 tenus \u00e0 Ottawa, ON du 24 au 26 ao\u00fbt 2023.","twitter:image":"https:\/\/dancecouncil.ca\/wp-content\/uploads\/2021\/09\/trophies-flag.jpg"},"aioseo_meta_data":{"post_id":"11485","title":null,"description":null,"keywords":null,"keyphrases":{"focus":{"keyphrase":"","score":0,"analysis":{"keyphraseInTitle":{"score":0,"maxScore":9,"error":1}}},"additional":[]},"primary_term":null,"canonical_url":null,"og_title":null,"og_description":null,"og_object_type":"default","og_image_type":"default","og_image_url":null,"og_image_width":null,"og_image_height":null,"og_image_custom_url":null,"og_image_custom_fields":null,"og_video":"","og_custom_url":null,"og_article_section":null,"og_article_tags":null,"twitter_use_og":false,"twitter_card":"default","twitter_image_type":"default","twitter_image_url":null,"twitter_image_custom_url":null,"twitter_image_custom_fields":null,"twitter_title":null,"twitter_description":null,"schema":{"blockGraphs":[],"customGraphs":[],"default":{"data":{"Article":[],"Course":[],"Dataset":[],"FAQPage":[],"Movie":[],"Person":[],"Product":[],"ProductReview":[],"Car":[],"Recipe":[],"Service":[],"SoftwareApplication":[],"WebPage":[]},"graphName":"BlogPosting","isEnabled":true},"graphs":[]},"schema_type":"default","schema_type_options":null,"pillar_content":false,"robots_default":true,"robots_noindex":false,"robots_noarchive":false,"robots_nosnippet":false,"robots_nofollow":false,"robots_noimageindex":false,"robots_noodp":false,"robots_notranslate":false,"robots_max_snippet":"-1","robots_max_videopreview":"-1","robots_max_imagepreview":"large","priority":null,"frequency":"default","local_seo":null,"limit_modified_date":false,"reviewed_by":"0","open_ai":"{\"title\":{\"suggestions\":[],\"usage\":0},\"description\":{\"suggestions\":[],\"usage\":0}}","created":"2026-02-09 22:50:52","updated":"2026-03-18 20:25:02"},"aioseo_breadcrumb":"<div class=\"aioseo-breadcrumbs\"><span class=\"aioseo-breadcrumb\">\n\t<a href=\"https:\/\/dancecouncil.ca\/fr\/\" title=\"Home\">Home<\/a>\n<\/span><span class=\"aioseo-breadcrumb-separator\">|<\/span><span class=\"aioseo-breadcrumb\">\n\t<a href=\"https:\/\/dancecouncil.ca\/fr\/category\/competitions-fr-2\/\" title=\"Comp\u00e9titions\">Comp\u00e9titions<\/a>\n<\/span><span class=\"aioseo-breadcrumb-separator\">|<\/span><span class=\"aioseo-breadcrumb\">\n\tChampionnats canadiens 2023 Pro\/Am \u2013 R\u00e9sultats\n<\/span><\/div>","aioseo_breadcrumb_json":[{"label":"Home","link":"https:\/\/dancecouncil.ca\/fr\/"},{"label":"Comp\u00e9titions","link":"https:\/\/dancecouncil.ca\/fr\/category\/competitions-fr-2\/"},{"label":"Championnats canadiens 2023 Pro\/Am \u2013 R\u00e9sultats","link":"https:\/\/dancecouncil.ca\/fr\/2023\/09\/championnats-canadiens-2023-pro-am-resultats\/"}],"_links":{"self":[{"href":"https:\/\/dancecouncil.ca\/fr\/wp-json\/wp\/v2\/posts\/11485","targetHints":{"allow":["GET"]}}],"collection":[{"href":"https:\/\/dancecouncil.ca\/fr\/wp-json\/wp\/v2\/posts"}],"about":[{"href":"https:\/\/dancecouncil.ca\/fr\/wp-json\/wp\/v2\/types\/post"}],"author":[{"embeddable":true,"href":"https:\/\/dancecouncil.ca\/fr\/wp-json\/wp\/v2\/users\/1"}],"replies":[{"embeddable":true,"href":"https:\/\/dancecouncil.ca\/fr\/wp-json\/wp\/v2\/comments?post=11485"}],"version-history":[{"count":0,"href":"https:\/\/dancecouncil.ca\/fr\/wp-json\/wp\/v2\/posts\/11485\/revisions"}],"wp:featuredmedia":[{"embeddable":true,"href":"https:\/\/dancecouncil.ca\/fr\/wp-json\/wp\/v2\/media\/11252"}],"wp:attachment":[{"href":"https:\/\/dancecouncil.ca\/fr\/wp-json\/wp\/v2\/media?parent=11485"}],"wp:term":[{"taxonomy":"category","embeddable":true,"href":"https:\/\/dancecouncil.ca\/fr\/wp-json\/wp\/v2\/categories?post=11485"},{"taxonomy":"post_tag","embeddable":true,"href":"https:\/\/dancecouncil.ca\/fr\/wp-json\/wp\/v2\/tags?post=11485"}],"curies":[{"name":"wp","href":"https:\/\/api.w.org\/{rel}","templated":true}]}}